{"id":137,"date":"2025-10-24T10:25:56","date_gmt":"2025-10-24T10:25:56","guid":{"rendered":"https:\/\/blog.duschwannen-und-badezimmer.com\/?p=137"},"modified":"2025-10-24T10:27:57","modified_gmt":"2025-10-24T10:27:57","slug":"so-messen-sie-ihre-duschwanne-richtig","status":"publish","type":"post","link":"https:\/\/blog.duschwannen-und-badezimmer.com\/index.php\/2025\/10\/24\/so-messen-sie-ihre-duschwanne-richtig\/","title":{"rendered":"So messen Sie Ihre Duschwanne richtig"},"content":{"rendered":"\n[et_pb_section fb_built=\u00a0\u00bb1&Prime; admin_label=\u00a0\u00bbHero Section\u00a0\u00bb _builder_version=\u00a0\u00bb4.16&Prime; custom_padding=\u00a0\u00bb0|0px|0px|0px\u00a0\u00bb global_colors_info=\u00a0\u00bb{}\u00a0\u00bb theme_builder_area=\u00a0\u00bbpost_content\u00a0\u00bb][et_pb_row use_custom_gutter=\u00a0\u00bbon\u00a0\u00bb make_equal=\u00a0\u00bbon\u00a0\u00bb _builder_version=\u00a0\u00bb4.27.4&Prime; width=\u00a0\u00bb100%\u00a0\u00bb max_width=\u00a0\u00bb100%\u00a0\u00bb custom_padding=\u00a0\u00bb0px|0|0px|\u00a0\u00bb hover_enabled=\u00a0\u00bb0&Prime; use_custom_width=\u00a0\u00bbon\u00a0\u00bb width_unit=\u00a0\u00bboff\u00a0\u00bb custom_width_percent=\u00a0\u00bb100%\u00a0\u00bb global_colors_info=\u00a0\u00bb{}\u00a0\u00bb column_structure=\u00a0\u00bb1_2,1_2&Prime; theme_builder_area=\u00a0\u00bbpost_content\u00a0\u00bb sticky_enabled=\u00a0\u00bb0&Prime;][et_pb_column type=\u00a0\u00bb1_2&Prime; _builder_version=\u00a0\u00bb4.16&Prime; custom_padding=\u00a0\u00bb200px|4%|200px|8%\u00a0\u00bb custom_padding_tablet=\u00a0\u00bb60px|10%|60px|10%\u00a0\u00bb custom_padding_last_edited=\u00a0\u00bbon|tablet\u00a0\u00bb global_colors_info=\u00a0\u00bb{}\u00a0\u00bb padding_tablet=\u00a0\u00bb60px|10%|60px|10%\u00a0\u00bb padding_last_edited=\u00a0\u00bbon|tablet\u00a0\u00bb custom_padding__hover=\u00a0\u00bb|||\u00a0\u00bb theme_builder_area=\u00a0\u00bbpost_content\u00a0\u00bb custom_padding_phone=\u00a0\u00bb60px|10%|60px|10%\u00a0\u00bb padding_phone=\u00a0\u00bb60px|10%|60px|10%\u00a0\u00bb][et_pb_text _builder_version=\u00a0\u00bb4.27.4&Prime; text_font=\u00a0\u00bbKarla||||||||\u00a0\u00bb text_font_size=\u00a0\u00bb18px\u00a0\u00bb text_line_height=\u00a0\u00bb1.8em\u00a0\u00bb header_font=\u00a0\u00bbCormorant Garamond||||||||\u00a0\u00bb header_font_size=\u00a0\u00bb56px\u00a0\u00bb header_line_height=\u00a0\u00bb1.4em\u00a0\u00bb header_2_font=\u00a0\u00bb||||||||\u00a0\u00bb header_3_font=\u00a0\u00bb||||||||\u00a0\u00bb max_width=\u00a0\u00bb600px\u00a0\u00bb hover_enabled=\u00a0\u00bb0&Prime; header_font_size_tablet=\u00a0\u00bb40px\u00a0\u00bb header_font_size_phone=\u00a0\u00bb\u00a0\u00bb header_font_size_last_edited=\u00a0\u00bbon|tablet\u00a0\u00bb locked=\u00a0\u00bboff\u00a0\u00bb global_colors_info=\u00a0\u00bb{}\u00a0\u00bb theme_builder_area=\u00a0\u00bbpost_content\u00a0\u00bb text_text_color=\u00a0\u00bb#000000&Prime; link_text_color=\u00a0\u00bb#8300E9&Prime; sticky_enabled=\u00a0\u00bb0&Prime;]<h1>Praktische Anleitung: Wie Sie Ihre Duschwanne richtig messen<\/h1>\n<p>Bei der Auswahl und Bestellung einer <a href=\"https:\/\/www.duschwannen-und-badezimmer.com\/duschwannen-und-badezimmer\/famille\/26\/duschwanne\">Duschwanne<\/a> geht es nicht nur um die in Ihrem Plan angegebene Gr\u00f6\u00dfe. Es ist wichtig, die Verlegung im Voraus zu planen und zu verstehen, warum die Ma\u00dfe an den verf\u00fcgbaren Platz angepasst werden m\u00fcssen.<\/p>[\/et_pb_text][\/et_pb_column][et_pb_column type=\u00a0\u00bb1_2&Prime; _builder_version=\u00a0\u00bb4.27.4&Prime; use_background_color_gradient=\u00a0\u00bbon\u00a0\u00bb background_color_gradient_stops=\u00a0\u00bbrgba(18,18,18,0.5) 0%|#121212 100%\u00a0\u00bb background_color_gradient_overlays_image=\u00a0\u00bbon\u00a0\u00bb background_color_gradient_start=\u00a0\u00bbrgba(18,18,18,0.5)\u00a0\u00bb background_color_gradient_end=\u00a0\u00bb#121212&Prime; background_image=\u00a0\u00bbhttps:\/\/blog.duschwannen-und-badezimmer.com\/wp-content\/uploads\/2025\/10\/Capture-decran-2025-10-06-a-17.54.03.png\u00a0\u00bb custom_padding=\u00a0\u00bb100px||100px|\u00a0\u00bb custom_padding_tablet=\u00a0\u00bb60px||60px|\u00a0\u00bb custom_padding_last_edited=\u00a0\u00bbon|desktop\u00a0\u00bb hover_enabled=\u00a0\u00bb0&Prime; global_colors_info=\u00a0\u00bb{}\u00a0\u00bb padding_tablet=\u00a0\u00bb60px||60px|\u00a0\u00bb padding_last_edited=\u00a0\u00bbon|desktop\u00a0\u00bb custom_padding__hover=\u00a0\u00bb|||\u00a0\u00bb theme_builder_area=\u00a0\u00bbpost_content\u00a0\u00bb title_text=\u00a0\u00bbCapture d\u2019e\u0301cran 2025-10-06 a\u0300 17.54.03&Prime; sticky_enabled=\u00a0\u00bb0&Prime; custom_padding_phone=\u00a0\u00bb60px||60px|\u00a0\u00bb padding_phone=\u00a0\u00bb60px||60px|\u00a0\u00bb][et_pb_image src=\u00a0\u00bbhttps:\/\/blog.duschwannen-und-badezimmer.com\/wp-content\/uploads\/2025\/10\/Capture-decran-2025-10-06-a-17.54.03.png\u00a0\u00bb align_tablet=\u00a0\u00bbcenter\u00a0\u00bb align_last_edited=\u00a0\u00bbon|desktop\u00a0\u00bb _builder_version=\u00a0\u00bb4.27.4&Prime; max_width=\u00a0\u00bb600px\u00a0\u00bb max_width_tablet=\u00a0\u00bb\u00a0\u00bb max_width_phone=\u00a0\u00bb\u00a0\u00bb max_width_last_edited=\u00a0\u00bbon|desktop\u00a0\u00bb custom_margin=\u00a0\u00bb|||-8%\u00a0\u00bb custom_margin_tablet=\u00a0\u00bb60px|60px|60px|60px\u00a0\u00bb custom_margin_phone=\u00a0\u00bb\u00a0\u00bb custom_margin_last_edited=\u00a0\u00bbon|desktop\u00a0\u00bb custom_padding=\u00a0\u00bb|||\u00a0\u00bb animation_style=\u00a0\u00bbslide\u00a0\u00bb animation_direction=\u00a0\u00bbright\u00a0\u00bb animation_intensity_slide=\u00a0\u00bb4%\u00a0\u00bb animation_starting_opacity=\u00a0\u00bb50%\u00a0\u00bb hover_enabled=\u00a0\u00bb0&Prime; box_shadow_style=\u00a0\u00bbpreset3&Prime; box_shadow_blur=\u00a0\u00bb80px\u00a0\u00bb global_colors_info=\u00a0\u00bb{}\u00a0\u00bb theme_builder_area=\u00a0\u00bbpost_content\u00a0\u00bb title_text=\u00a0\u00bbCapture d\u2019e\u0301cran 2025-10-06 a\u0300 17.54.03&Prime; sticky_enabled=\u00a0\u00bb0&Prime; align_phone=\u00a0\u00bbcenter\u00a0\u00bb][\/et_pb_image][\/et_pb_column][\/et_pb_row][\/et_pb_section][et_pb_section fb_built=\u00a0\u00bb1&Prime; admin_label=\u00a0\u00bbWelcome &#038; About Us\u00a0\u00bb _builder_version=\u00a0\u00bb4.27.4&Prime; background_color=\u00a0\u00bb#121212&Prime; use_background_color_gradient=\u00a0\u00bbon\u00a0\u00bb background_color_gradient_stops=\u00a0\u00bb#121212 20%|rgba(18,18,18,0.6) 100%\u00a0\u00bb background_color_gradient_overlays_image=\u00a0\u00bbon\u00a0\u00bb background_color_gradient_start=\u00a0\u00bb#121212&Prime; background_color_gradient_start_position=\u00a0\u00bb20%\u00a0\u00bb background_color_gradient_end=\u00a0\u00bbrgba(18,18,18,0.6)\u00a0\u00bb background_image=\u00a0\u00bbhttps:\/\/blog.duschwannen-und-badezimmer.com\/wp-content\/uploads\/2025\/10\/Paroi-de-douche_a-l-italienne_fixe_verre-8mm_or.jpg\u00a0\u00bb custom_padding=\u00a0\u00bb8%|0px|20%|0px\u00a0\u00bb hover_enabled=\u00a0\u00bb0&Prime; global_colors_info=\u00a0\u00bb{}\u00a0\u00bb theme_builder_area=\u00a0\u00bbpost_content\u00a0\u00bb title_text=\u00a0\u00bbScreenshot\u00a0\u00bb sticky_enabled=\u00a0\u00bb0&Prime;][et_pb_row _builder_version=\u00a0\u00bb4.16&Prime; custom_margin=\u00a0\u00bb|||\u00a0\u00bb custom_padding=\u00a0\u00bb||60px|\u00a0\u00bb animation_style=\u00a0\u00bbfade\u00a0\u00bb global_colors_info=\u00a0\u00bb{}\u00a0\u00bb theme_builder_area=\u00a0\u00bbpost_content\u00a0\u00bb][et_pb_column type=\u00a0\u00bb4_4&Prime; _builder_version=\u00a0\u00bb4.16&Prime; custom_padding=\u00a0\u00bb|||\u00a0\u00bb global_colors_info=\u00a0\u00bb{}\u00a0\u00bb custom_padding__hover=\u00a0\u00bb|||\u00a0\u00bb theme_builder_area=\u00a0\u00bbpost_content\u00a0\u00bb][et_pb_text _builder_version=\u00a0\u00bb4.27.4&Prime; text_font=\u00a0\u00bb||||||||\u00a0\u00bb header_font=\u00a0\u00bb||||||||\u00a0\u00bb header_3_font=\u00a0\u00bbKarla|700||on|||||\u00a0\u00bb header_3_text_color=\u00a0\u00bb#c2ab92&Prime; header_3_font_size=\u00a0\u00bb16px\u00a0\u00bb header_3_letter_spacing=\u00a0\u00bb1px\u00a0\u00bb text_orientation=\u00a0\u00bbcenter\u00a0\u00bb background_layout=\u00a0\u00bbdark\u00a0\u00bb module_alignment=\u00a0\u00bbleft\u00a0\u00bb custom_margin=\u00a0\u00bb||20px|\u00a0\u00bb hover_enabled=\u00a0\u00bb0&Prime; locked=\u00a0\u00bboff\u00a0\u00bb global_colors_info=\u00a0\u00bb{}\u00a0\u00bb theme_builder_area=\u00a0\u00bbpost_content\u00a0\u00bb header_2_font=\u00a0\u00bb|700|||||||\u00a0\u00bb sticky_enabled=\u00a0\u00bb0&Prime; header_text_color=\u00a0\u00bb#c2ab92&Prime; header_2_text_color=\u00a0\u00bb#c2ab92&Prime;]<h2>1. Messen Sie den Raum richtig<\/h2>[\/et_pb_text][et_pb_text _builder_version=\u00a0\u00bb4.27.4&Prime; text_font=\u00a0\u00bbCormorant Garamond||||||||\u00a0\u00bb text_font_size=\u00a0\u00bb24px\u00a0\u00bb text_line_height=\u00a0\u00bb1.8em\u00a0\u00bb header_font=\u00a0\u00bb||||||||\u00a0\u00bb header_4_font=\u00a0\u00bbCormorant Garamond|300||on|||||\u00a0\u00bb header_4_font_size=\u00a0\u00bb13px\u00a0\u00bb header_4_line_height=\u00a0\u00bb1.8em\u00a0\u00bb text_orientation=\u00a0\u00bbcenter\u00a0\u00bb background_layout=\u00a0\u00bbdark\u00a0\u00bb animation_style=\u00a0\u00bbfade\u00a0\u00bb hover_enabled=\u00a0\u00bb0&Prime; global_colors_info=\u00a0\u00bb{}\u00a0\u00bb theme_builder_area=\u00a0\u00bbpost_content\u00a0\u00bb sticky_enabled=\u00a0\u00bb0&Prime;]<p>Messen Sie vor jeder Bestellung genau den Abstand zwischen Ihren beiden unbehauenen W\u00e4nden, das hei\u00dft vor dem Verlegen der Wandfliese oder des Bodenbelags.<\/p>\n<p>Beispiel: Wenn der Abstand zwischen Ihren W\u00e4nden 120 cm betr\u00e4gt, notieren Sie diese Ma\u00dfeinheit als Referenz.<\/p>[\/et_pb_text][\/et_pb_column][\/et_pb_row][\/et_pb_section][et_pb_section fb_built=\u00a0\u00bb1&Prime; admin_label=\u00a0\u00bbServices\u00a0\u00bb _builder_version=\u00a0\u00bb4.16&Prime; custom_padding=\u00a0\u00bb90px|0px|90px|0px\u00a0\u00bb global_colors_info=\u00a0\u00bb{}\u00a0\u00bb theme_builder_area=\u00a0\u00bbpost_content\u00a0\u00bb][et_pb_row _builder_version=\u00a0\u00bb4.16&Prime; max_width=\u00a0\u00bb1440px\u00a0\u00bb custom_margin=\u00a0\u00bb||50px|\u00a0\u00bb use_custom_width=\u00a0\u00bbon\u00a0\u00bb custom_width_px=\u00a0\u00bb1440px\u00a0\u00bb global_colors_info=\u00a0\u00bb{}\u00a0\u00bb column_structure=\u00a0\u00bb1_2,1_2&Prime; theme_builder_area=\u00a0\u00bbpost_content\u00a0\u00bb][et_pb_column type=\u00a0\u00bb1_2&Prime; _builder_version=\u00a0\u00bb4.16&Prime; custom_padding=\u00a0\u00bb|||\u00a0\u00bb global_colors_info=\u00a0\u00bb{}\u00a0\u00bb custom_padding__hover=\u00a0\u00bb|||\u00a0\u00bb theme_builder_area=\u00a0\u00bbpost_content\u00a0\u00bb][et_pb_image src=\u00a0\u00bbhttps:\/\/blog.duschwannen-und-badezimmer.com\/wp-content\/uploads\/2025\/10\/FIO_09_SFERA_COMO1_DET1_ret.jpg\u00a0\u00bb align_tablet=\u00a0\u00bbcenter\u00a0\u00bb align_last_edited=\u00a0\u00bbon|desktop\u00a0\u00bb _builder_version=\u00a0\u00bb4.27.4&Prime; max_width_last_edited=\u00a0\u00bboff|desktop\u00a0\u00bb custom_margin=\u00a0\u00bb|||\u00a0\u00bb custom_margin_tablet=\u00a0\u00bb60px|60px|60px|60px\u00a0\u00bb custom_margin_last_edited=\u00a0\u00bboff|desktop\u00a0\u00bb custom_padding=\u00a0\u00bb|||\u00a0\u00bb animation_style=\u00a0\u00bbslide\u00a0\u00bb animation_direction=\u00a0\u00bbleft\u00a0\u00bb animation_intensity_slide=\u00a0\u00bb4%\u00a0\u00bb hover_enabled=\u00a0\u00bb0&Prime; box_shadow_style=\u00a0\u00bbpreset3&Prime; box_shadow_blur=\u00a0\u00bb80px\u00a0\u00bb global_colors_info=\u00a0\u00bb{}\u00a0\u00bb theme_builder_area=\u00a0\u00bbpost_content\u00a0\u00bb title_text=\u00a0\u00bbFIO_09_SFERA_COMO1_DET1_ret\u00a0\u00bb url=\u00a0\u00bbhttps:\/\/www.duschwannen-und-badezimmer.com\/duschwannen-und-badezimmer\/sous_famille\/26\/462\/&#8211;Ablaufwinkel\u00a0\u00bb sticky_enabled=\u00a0\u00bb0&Prime; align_phone=\u00a0\u00bbcenter\u00a0\u00bb][\/et_pb_image][\/et_pb_column][et_pb_column type=\u00a0\u00bb1_2&Prime; _builder_version=\u00a0\u00bb4.16&Prime; custom_padding=\u00a0\u00bb|||\u00a0\u00bb global_colors_info=\u00a0\u00bb{}\u00a0\u00bb custom_padding__hover=\u00a0\u00bb|||\u00a0\u00bb theme_builder_area=\u00a0\u00bbpost_content\u00a0\u00bb][et_pb_text _builder_version=\u00a0\u00bb4.27.4&Prime; text_font=\u00a0\u00bb||||||||\u00a0\u00bb header_font=\u00a0\u00bb||||||||\u00a0\u00bb header_3_font=\u00a0\u00bbKarla|700||on|||||\u00a0\u00bb header_3_text_color=\u00a0\u00bb#c2ab92&Prime; header_3_font_size=\u00a0\u00bb16px\u00a0\u00bb header_3_letter_spacing=\u00a0\u00bb1px\u00a0\u00bb module_alignment=\u00a0\u00bbright\u00a0\u00bb custom_margin=\u00a0\u00bb40px||20px|\u00a0\u00bb custom_padding=\u00a0\u00bb|||\u00a0\u00bb hover_enabled=\u00a0\u00bb0&Prime; global_colors_info=\u00a0\u00bb{}\u00a0\u00bb theme_builder_area=\u00a0\u00bbpost_content\u00a0\u00bb sticky_enabled=\u00a0\u00bb0&Prime; header_2_text_color=\u00a0\u00bb#c2ab92&Prime; header_2_font=\u00a0\u00bb|700|||||||\u00a0\u00bb]<h2><span>2. Ausdehnungsraum vorsehen <\/span><\/h2>[\/et_pb_text][et_pb_divider color=\u00a0\u00bb#c2ab92&Prime; divider_weight=\u00a0\u00bb2px\u00a0\u00bb _builder_version=\u00a0\u00bb4.16&Prime; max_width=\u00a0\u00bb150px\u00a0\u00bb height=\u00a0\u00bb2px\u00a0\u00bb custom_margin=\u00a0\u00bb|||\u00a0\u00bb custom_padding=\u00a0\u00bb|||-80px\u00a0\u00bb custom_padding_tablet=\u00a0\u00bb|0px||\u00a0\u00bb custom_padding_last_edited=\u00a0\u00bboff|desktop\u00a0\u00bb global_colors_info=\u00a0\u00bb{}\u00a0\u00bb theme_builder_area=\u00a0\u00bbpost_content\u00a0\u00bb][\/et_pb_divider][et_pb_text _builder_version=\u00a0\u00bb4.27.4&Prime; text_font=\u00a0\u00bbKarla||||||||\u00a0\u00bb text_font_size=\u00a0\u00bb18px\u00a0\u00bb text_line_height=\u00a0\u00bb1.8em\u00a0\u00bb header_font=\u00a0\u00bb||||||||\u00a0\u00bb header_2_font=\u00a0\u00bbCormorant Garamond||||||||\u00a0\u00bb header_2_font_size=\u00a0\u00bb40px\u00a0\u00bb header_2_line_height=\u00a0\u00bb1.4em\u00a0\u00bb header_3_font=\u00a0\u00bb||||||||\u00a0\u00bb hover_enabled=\u00a0\u00bb0&Prime; locked=\u00a0\u00bboff\u00a0\u00bb global_colors_info=\u00a0\u00bb{}\u00a0\u00bb theme_builder_area=\u00a0\u00bbpost_content\u00a0\u00bb sticky_enabled=\u00a0\u00bb0&Prime;]<p><span>Die Duschwanne darf niemals genau die verf\u00fcgbare Breite einnehmen. Es wird empfohlen, ein Modell zu w\u00e4hlen, das <strong>1 cm kleiner<\/strong> ist als die gemessene L\u00e4nge. <\/span><\/p>\n<p><span>So muss der Empf\u00e4nger f\u00fcr einen Raum von 120 cm 119 cm messen. <\/span><\/p>\n<p><span style=\"text-decoration: underline;\"><strong>Warum?<\/strong> <\/span><\/p>\n<p><span>Weil die Duschwannen, in der Regel aus Harz gefertigt, empfindlich auf Temperaturschwankungen reagieren. Wie Holz oder Parkett dehnen sie sich leicht aus. Ohne diesen Raum kann die Duschwanne unter Spannung stehen, rei\u00dfen oder undicht werden.<\/span><\/p>[\/et_pb_text][\/et_pb_column][\/et_pb_row][\/et_pb_section][et_pb_section fb_built=\u00a0\u00bb1&Prime; admin_label=\u00a0\u00bbHero Section\u00a0\u00bb _builder_version=\u00a0\u00bb4.16&Prime; custom_padding=\u00a0\u00bb0|0px|0px|0px\u00a0\u00bb global_colors_info=\u00a0\u00bb{}\u00a0\u00bb theme_builder_area=\u00a0\u00bbpost_content\u00a0\u00bb][et_pb_row _builder_version=\u00a0\u00bb4.27.4&Prime; width=\u00a0\u00bb100%\u00a0\u00bb max_width=\u00a0\u00bb100%\u00a0\u00bb custom_margin=\u00a0\u00bb|||\u00a0\u00bb custom_padding=\u00a0\u00bb0px|0|0px|\u00a0\u00bb hover_enabled=\u00a0\u00bb0&Prime; use_custom_width=\u00a0\u00bbon\u00a0\u00bb width_unit=\u00a0\u00bboff\u00a0\u00bb custom_width_percent=\u00a0\u00bb100%\u00a0\u00bb global_colors_info=\u00a0\u00bb{}\u00a0\u00bb column_structure=\u00a0\u00bb1_2,1_2&Prime; theme_builder_area=\u00a0\u00bbpost_content\u00a0\u00bb sticky_enabled=\u00a0\u00bb0&Prime;][et_pb_column type=\u00a0\u00bb1_2&Prime; _builder_version=\u00a0\u00bb4.16&Prime; background_color_gradient_start=\u00a0\u00bbrgba(0,0,0,0.4)\u00a0\u00bb background_color_gradient_end=\u00a0\u00bb#000000&Prime; custom_padding=\u00a0\u00bb100px||100px|8%\u00a0\u00bb custom_padding_tablet=\u00a0\u00bb60px|10%|60px|10%\u00a0\u00bb custom_padding_last_edited=\u00a0\u00bbon|tablet\u00a0\u00bb global_colors_info=\u00a0\u00bb{}\u00a0\u00bb padding_tablet=\u00a0\u00bb60px|10%|60px|10%\u00a0\u00bb padding_last_edited=\u00a0\u00bbon|tablet\u00a0\u00bb custom_padding__hover=\u00a0\u00bb|||\u00a0\u00bb theme_builder_area=\u00a0\u00bbpost_content\u00a0\u00bb custom_padding_phone=\u00a0\u00bb60px|10%|60px|10%\u00a0\u00bb padding_phone=\u00a0\u00bb60px|10%|60px|10%\u00a0\u00bb][et_pb_text _builder_version=\u00a0\u00bb4.27.4&Prime; text_font=\u00a0\u00bb||||||||\u00a0\u00bb header_font=\u00a0\u00bb||||||||\u00a0\u00bb header_3_font=\u00a0\u00bbKarla|700||on|||||\u00a0\u00bb header_3_text_color=\u00a0\u00bb#c2ab92&Prime; header_3_font_size=\u00a0\u00bb16px\u00a0\u00bb header_3_letter_spacing=\u00a0\u00bb1px\u00a0\u00bb text_orientation=\u00a0\u00bbright\u00a0\u00bb background_layout=\u00a0\u00bbdark\u00a0\u00bb module_alignment=\u00a0\u00bbright\u00a0\u00bb custom_margin=\u00a0\u00bb40px||20px|\u00a0\u00bb hover_enabled=\u00a0\u00bb0&Prime; locked=\u00a0\u00bboff\u00a0\u00bb global_colors_info=\u00a0\u00bb{}\u00a0\u00bb theme_builder_area=\u00a0\u00bbpost_content\u00a0\u00bb header_2_text_color=\u00a0\u00bb#c2ab92&Prime; sticky_enabled=\u00a0\u00bb0&Prime; header_2_font=\u00a0\u00bb|700|||||||\u00a0\u00bb]<h2>3. Sicherstellen einer perfekten Abdichtung<\/h2>[\/et_pb_text][et_pb_divider color=\u00a0\u00bb#c2ab92&Prime; divider_weight=\u00a0\u00bb2px\u00a0\u00bb _builder_version=\u00a0\u00bb4.16&Prime; max_width=\u00a0\u00bb150px\u00a0\u00bb module_alignment=\u00a0\u00bbright\u00a0\u00bb height=\u00a0\u00bb2px\u00a0\u00bb custom_margin=\u00a0\u00bb|||\u00a0\u00bb custom_padding=\u00a0\u00bb|-60px||\u00a0\u00bb custom_padding_tablet=\u00a0\u00bb|0px||\u00a0\u00bb custom_padding_last_edited=\u00a0\u00bboff|desktop\u00a0\u00bb locked=\u00a0\u00bboff\u00a0\u00bb global_colors_info=\u00a0\u00bb{}\u00a0\u00bb theme_builder_area=\u00a0\u00bbpost_content\u00a0\u00bb][\/et_pb_divider][et_pb_text _builder_version=\u00a0\u00bb4.27.4&Prime; text_font=\u00a0\u00bbKarla||||||||\u00a0\u00bb text_font_size=\u00a0\u00bb18px\u00a0\u00bb text_line_height=\u00a0\u00bb1.8em\u00a0\u00bb header_font=\u00a0\u00bb||||||||\u00a0\u00bb header_2_font=\u00a0\u00bbCormorant Garamond||||||||\u00a0\u00bb header_2_font_size=\u00a0\u00bb40px\u00a0\u00bb header_2_line_height=\u00a0\u00bb1.4em\u00a0\u00bb header_3_font=\u00a0\u00bb||||||||\u00a0\u00bb text_orientation=\u00a0\u00bbright\u00a0\u00bb max_width=\u00a0\u00bb600px\u00a0\u00bb module_alignment=\u00a0\u00bbright\u00a0\u00bb hover_enabled=\u00a0\u00bb0&Prime; locked=\u00a0\u00bboff\u00a0\u00bb global_colors_info=\u00a0\u00bb{}\u00a0\u00bb theme_builder_area=\u00a0\u00bbpost_content\u00a0\u00bb sticky_enabled=\u00a0\u00bb0&Prime;]<p style=\"text-align: left;\">Nach dem Aufsetzen der Duschwanne wird der absichtlich verbleibende Raum mit einem geeigneten Dichtmittel gef\u00fcllt:<\/p>\n<ul style=\"text-align: left;\">\n<li>ein Kitt<\/li>\n<li>Anhang<\/li>\n<li>Collage<\/li>\n<li>auf Basis von Polyurethan<\/li>\n<\/ul>\n<p style=\"text-align: left;\">Diese Behandlung verhindert das Eindringen von Wasser und garantiert die Langlebigkeit Ihrer Anlage.<\/p>[\/et_pb_text][\/et_pb_column][et_pb_column type=\u00a0\u00bb1_2&Prime; _builder_version=\u00a0\u00bb4.27.4&Prime; background_color=\u00a0\u00bb#212121&Prime; use_background_color_gradient=\u00a0\u00bbon\u00a0\u00bb background_color_gradient_stops=\u00a0\u00bbrgba(33,33,33,0.5) 0%|#212121 100%\u00a0\u00bb background_color_gradient_overlays_image=\u00a0\u00bbon\u00a0\u00bb background_color_gradient_start=\u00a0\u00bbrgba(33,33,33,0.5)\u00a0\u00bb background_color_gradient_end=\u00a0\u00bb#212121&Prime; background_image=\u00a0\u00bbhttps:\/\/blog.duschwannen-und-badezimmer.com\/wp-content\/uploads\/2025\/10\/Douches-a-litalienne-a-ras-du-sol.png\u00a0\u00bb custom_padding=\u00a0\u00bb100px|8%|100px|\u00a0\u00bb custom_padding_tablet=\u00a0\u00bb60px|10%|60px|10%\u00a0\u00bb custom_padding_last_edited=\u00a0\u00bbon|phone\u00a0\u00bb hover_enabled=\u00a0\u00bb0&Prime; global_colors_info=\u00a0\u00bb{}\u00a0\u00bb padding_tablet=\u00a0\u00bb60px|10%|60px|10%\u00a0\u00bb padding_last_edited=\u00a0\u00bbon|phone\u00a0\u00bb custom_padding__hover=\u00a0\u00bb|||\u00a0\u00bb theme_builder_area=\u00a0\u00bbpost_content\u00a0\u00bb title_text=\u00a0\u00bbDouches a\u0300 l\u2019italienne a\u0300 ras du sol\u00a0\u00bb sticky_enabled=\u00a0\u00bb0&Prime; custom_padding_phone=\u00a0\u00bb60px|10%|60px|10%\u00a0\u00bb padding_phone=\u00a0\u00bb60px|10%|60px|10%\u00a0\u00bb][et_pb_image src=\u00a0\u00bbhttps:\/\/blog.duschwannen-und-badezimmer.com\/wp-content\/uploads\/2025\/10\/Douches-a-litalienne-a-ras-du-sol.png\u00a0\u00bb align_tablet=\u00a0\u00bbcenter\u00a0\u00bb align_last_edited=\u00a0\u00bbon|desktop\u00a0\u00bb _builder_version=\u00a0\u00bb4.27.4&Prime; max_width=\u00a0\u00bb600px\u00a0\u00bb max_width_tablet=\u00a0\u00bb\u00a0\u00bb max_width_phone=\u00a0\u00bb\u00a0\u00bb max_width_last_edited=\u00a0\u00bbon|desktop\u00a0\u00bb custom_margin=\u00a0\u00bb|||-8%\u00a0\u00bb custom_margin_tablet=\u00a0\u00bb|||\u00a0\u00bb custom_margin_last_edited=\u00a0\u00bboff|desktop\u00a0\u00bb custom_padding=\u00a0\u00bb|||\u00a0\u00bb animation_style=\u00a0\u00bbslide\u00a0\u00bb animation_direction=\u00a0\u00bbright\u00a0\u00bb animation_intensity_slide=\u00a0\u00bb4%\u00a0\u00bb animation_starting_opacity=\u00a0\u00bb50%\u00a0\u00bb hover_enabled=\u00a0\u00bb0&Prime; box_shadow_style=\u00a0\u00bbpreset3&Prime; box_shadow_blur=\u00a0\u00bb80px\u00a0\u00bb global_colors_info=\u00a0\u00bb{}\u00a0\u00bb theme_builder_area=\u00a0\u00bbpost_content\u00a0\u00bb title_text=\u00a0\u00bbDouches a\u0300 l\u2019italienne a\u0300 ras du sol\u00a0\u00bb sticky_enabled=\u00a0\u00bb0&Prime; align_phone=\u00a0\u00bbcenter\u00a0\u00bb][\/et_pb_image][\/et_pb_column][\/et_pb_row][et_pb_row _builder_version=\u00a0\u00bb4.27.4&Prime; max_width=\u00a0\u00bb1440px\u00a0\u00bb custom_margin=\u00a0\u00bb||50px|\u00a0\u00bb use_custom_width=\u00a0\u00bbon\u00a0\u00bb custom_width_px=\u00a0\u00bb1440px\u00a0\u00bb global_colors_info=\u00a0\u00bb{}\u00a0\u00bb column_structure=\u00a0\u00bb1_2,1_2&Prime; theme_builder_area=\u00a0\u00bbpost_content\u00a0\u00bb][et_pb_column type=\u00a0\u00bb1_2&Prime; _builder_version=\u00a0\u00bb4.16&Prime; custom_padding=\u00a0\u00bb|||\u00a0\u00bb global_colors_info=\u00a0\u00bb{}\u00a0\u00bb custom_padding__hover=\u00a0\u00bb|||\u00a0\u00bb theme_builder_area=\u00a0\u00bbpost_content\u00a0\u00bb][et_pb_image src=\u00a0\u00bbhttps:\/\/blog.duschwannen-und-badezimmer.com\/wp-content\/uploads\/2025\/10\/YJZvD0nwJQ1MBZyO2xJpO2VOY6iyaMsoGNNhDbiZ-scaled.jpg\u00a0\u00bb align_tablet=\u00a0\u00bbcenter\u00a0\u00bb align_last_edited=\u00a0\u00bbon|desktop\u00a0\u00bb _builder_version=\u00a0\u00bb4.27.4&Prime; max_width_last_edited=\u00a0\u00bboff|desktop\u00a0\u00bb custom_margin=\u00a0\u00bb|||\u00a0\u00bb custom_margin_tablet=\u00a0\u00bb60px|60px|60px|60px\u00a0\u00bb custom_margin_last_edited=\u00a0\u00bboff|desktop\u00a0\u00bb custom_padding=\u00a0\u00bb|||\u00a0\u00bb animation_style=\u00a0\u00bbslide\u00a0\u00bb animation_direction=\u00a0\u00bbleft\u00a0\u00bb animation_intensity_slide=\u00a0\u00bb4%\u00a0\u00bb hover_enabled=\u00a0\u00bb0&Prime; box_shadow_style=\u00a0\u00bbpreset3&Prime; box_shadow_blur=\u00a0\u00bb80px\u00a0\u00bb global_colors_info=\u00a0\u00bb{}\u00a0\u00bb theme_builder_area=\u00a0\u00bbpost_content\u00a0\u00bb title_text=\u00a0\u00bbYJZvD0nwJQ1MBZyO2xJpO2VOY6iyaMsoGNNhDbiZ\u00a0\u00bb url=\u00a0\u00bbhttps:\/\/www.duschwannen-und-badezimmer.com\/duschwannen-und-badezimmer\/sous_famille\/26\/462\/&#8211;Ablaufwinkel\u00a0\u00bb sticky_enabled=\u00a0\u00bb0&Prime; align_phone=\u00a0\u00bbcenter\u00a0\u00bb][\/et_pb_image][\/et_pb_column][et_pb_column type=\u00a0\u00bb1_2&Prime; _builder_version=\u00a0\u00bb4.27.4&Prime; custom_padding=\u00a0\u00bb|||\u00a0\u00bb hover_enabled=\u00a0\u00bb0&Prime; global_colors_info=\u00a0\u00bb{}\u00a0\u00bb custom_padding__hover=\u00a0\u00bb|||\u00a0\u00bb theme_builder_area=\u00a0\u00bbpost_content\u00a0\u00bb sticky_enabled=\u00a0\u00bb0&Prime;][et_pb_text _builder_version=\u00a0\u00bb4.27.4&Prime; text_font=\u00a0\u00bb||||||||\u00a0\u00bb header_font=\u00a0\u00bb||||||||\u00a0\u00bb header_3_font=\u00a0\u00bbKarla|700||on|||||\u00a0\u00bb header_3_text_color=\u00a0\u00bb#c2ab92&Prime; header_3_font_size=\u00a0\u00bb16px\u00a0\u00bb header_3_letter_spacing=\u00a0\u00bb1px\u00a0\u00bb module_alignment=\u00a0\u00bbright\u00a0\u00bb custom_margin=\u00a0\u00bb40px||20px|\u00a0\u00bb custom_padding=\u00a0\u00bb|||\u00a0\u00bb hover_enabled=\u00a0\u00bb0&Prime; global_colors_info=\u00a0\u00bb{}\u00a0\u00bb theme_builder_area=\u00a0\u00bbpost_content\u00a0\u00bb sticky_enabled=\u00a0\u00bb0&Prime; header_2_text_color=\u00a0\u00bb#c2ab92&Prime; header_2_font=\u00a0\u00bb|700|||||||\u00a0\u00bb]<h2>4. In K\u00fcrze<\/h2>[\/et_pb_text][et_pb_divider color=\u00a0\u00bb#c2ab92&Prime; divider_weight=\u00a0\u00bb2px\u00a0\u00bb _builder_version=\u00a0\u00bb4.16&Prime; max_width=\u00a0\u00bb150px\u00a0\u00bb height=\u00a0\u00bb2px\u00a0\u00bb custom_margin=\u00a0\u00bb|||\u00a0\u00bb custom_padding=\u00a0\u00bb|||-80px\u00a0\u00bb custom_padding_tablet=\u00a0\u00bb|0px||\u00a0\u00bb custom_padding_last_edited=\u00a0\u00bboff|desktop\u00a0\u00bb global_colors_info=\u00a0\u00bb{}\u00a0\u00bb theme_builder_area=\u00a0\u00bbpost_content\u00a0\u00bb][\/et_pb_divider][et_pb_text _builder_version=\u00a0\u00bb4.27.4&Prime; text_font=\u00a0\u00bbKarla||||||||\u00a0\u00bb text_font_size=\u00a0\u00bb18px\u00a0\u00bb text_line_height=\u00a0\u00bb1.8em\u00a0\u00bb header_font=\u00a0\u00bb||||||||\u00a0\u00bb header_2_font=\u00a0\u00bbCormorant Garamond||||||||\u00a0\u00bb header_2_font_size=\u00a0\u00bb40px\u00a0\u00bb header_2_line_height=\u00a0\u00bb1.4em\u00a0\u00bb header_3_font=\u00a0\u00bb||||||||\u00a0\u00bb hover_enabled=\u00a0\u00bb0&Prime; locked=\u00a0\u00bboff\u00a0\u00bb global_colors_info=\u00a0\u00bb{}\u00a0\u00bb theme_builder_area=\u00a0\u00bbpost_content\u00a0\u00bb sticky_enabled=\u00a0\u00bb0&Prime;]<ul>\n<li>Messen Sie zwischen den nackten W\u00e4nden.<\/li>\n<li>Entfernen Sie 1 cm f\u00fcr die tats\u00e4chliche Gr\u00f6\u00dfe des Empf\u00e4ngers.<\/li>\n<li>Mit Abdichtungsmastix vervollst\u00e4ndigen.<\/li>\n<li>Das Ergebnis: ein gut angepasster, langlebiger und absolut wasserdichter Beh\u00e4lter.<\/li>\n<\/ul>[\/et_pb_text][\/et_pb_column][\/et_pb_row][et_pb_row _builder_version=\u00a0\u00bb4.27.4&Prime; _module_preset=\u00a0\u00bbdefault\u00a0\u00bb theme_builder_area=\u00a0\u00bbpost_content\u00a0\u00bb][et_pb_column _builder_version=\u00a0\u00bb4.27.4&Prime; _module_preset=\u00a0\u00bbdefault\u00a0\u00bb type=\u00a0\u00bb4_4&Prime; theme_builder_area=\u00a0\u00bbpost_content\u00a0\u00bb][et_pb_text _builder_version=\u00a0\u00bb4.27.4&Prime; _module_preset=\u00a0\u00bbdefault\u00a0\u00bb theme_builder_area=\u00a0\u00bbpost_content\u00a0\u00bb hover_enabled=\u00a0\u00bb0&Prime; sticky_enabled=\u00a0\u00bb0&Prime;]<div class=\"et_pb_module et_pb_text et_pb_text_6  et_pb_text_align_left et_pb_bg_layout_light\">\n<div class=\"et_pb_text_inner\">\n<p class=\"p1\"><strong>Mit diesen einfachen Vorsichtsma\u00dfnahmen vermeiden Sie h\u00e4ufige Bemessungsfehler und stellen die Langlebigkeit Ihrer Dusche sicher.<\/strong><\/p>\n<\/div>\n<\/div>[\/et_pb_text][\/et_pb_column][\/et_pb_row][\/et_pb_section][et_pb_section fb_built=\u00a0\u00bb1&Prime; _builder_version=\u00a0\u00bb4.16&Prime; global_colors_info=\u00a0\u00bb{}\u00a0\u00bb theme_builder_area=\u00a0\u00bbpost_content\u00a0\u00bb custom_padding=\u00a0\u00bb||0px|||\u00a0\u00bb][et_pb_row _builder_version=\u00a0\u00bb4.27.4&Prime; _module_preset=\u00a0\u00bbdefault\u00a0\u00bb theme_builder_area=\u00a0\u00bbpost_content\u00a0\u00bb][et_pb_column _builder_version=\u00a0\u00bb4.27.4&Prime; _module_preset=\u00a0\u00bbdefault\u00a0\u00bb type=\u00a0\u00bb4_4&Prime; theme_builder_area=\u00a0\u00bbpost_content\u00a0\u00bb][et_pb_text _builder_version=\u00a0\u00bb4.27.4&Prime; _module_preset=\u00a0\u00bbdefault\u00a0\u00bb theme_builder_area=\u00a0\u00bbpost_content\u00a0\u00bb header_3_text_color=\u00a0\u00bb#000000&Prime; header_3_font=\u00a0\u00bb|700|||||||\u00a0\u00bb hover_enabled=\u00a0\u00bb0&Prime; sticky_enabled=\u00a0\u00bb0&Prime;]<h3 style=\"text-align: center;\">Die ideale Erinnerung, um Ihre Messungen zu vereinfachen und Zeit zu sparen<\/h3>[\/et_pb_text][\/et_pb_column][\/et_pb_row][\/et_pb_section][et_pb_section fb_built=\u00a0\u00bb1&Prime; fullwidth=\u00a0\u00bbon\u00a0\u00bb _builder_version=\u00a0\u00bb4.27.4&Prime; hover_enabled=\u00a0\u00bb0&Prime; global_colors_info=\u00a0\u00bb{}\u00a0\u00bb theme_builder_area=\u00a0\u00bbpost_content\u00a0\u00bb sticky_enabled=\u00a0\u00bb0&Prime;][et_pb_fullwidth_image src=\u00a0\u00bbhttps:\/\/blog.duschwannen-und-badezimmer.com\/wp-content\/uploads\/2025\/10\/bd09b1b274f29dde21aa77c16a2c.webp\u00a0\u00bb _builder_version=\u00a0\u00bb4.27.4&Prime; animation_style=\u00a0\u00bbslide\u00a0\u00bb animation_direction=\u00a0\u00bbbottom\u00a0\u00bb animation_intensity_slide=\u00a0\u00bb4%\u00a0\u00bb hover_enabled=\u00a0\u00bb0&Prime; global_colors_info=\u00a0\u00bb{}\u00a0\u00bb theme_builder_area=\u00a0\u00bbpost_content\u00a0\u00bb title_text=\u00a0\u00bbbd09b1b274f29dde21aa77c16a2c\u00a0\u00bb width=\u00a0\u00bb68%\u00a0\u00bb module_alignment=\u00a0\u00bbcenter\u00a0\u00bb sticky_enabled=\u00a0\u00bb0&Prime; border_width_all=\u00a0\u00bb3px\u00a0\u00bb][\/et_pb_fullwidth_image][\/et_pb_section][et_pb_section fb_built=\u00a0\u00bb1&Prime; theme_builder_area=\u00a0\u00bbpost_content\u00a0\u00bb _builder_version=\u00a0\u00bb4.27.4&Prime; _module_preset=\u00a0\u00bbdefault\u00a0\u00bb][et_pb_row _builder_version=\u00a0\u00bb4.27.4&Prime; _module_preset=\u00a0\u00bbdefault\u00a0\u00bb theme_builder_area=\u00a0\u00bbpost_content\u00a0\u00bb][et_pb_column _builder_version=\u00a0\u00bb4.27.4&Prime; _module_preset=\u00a0\u00bbdefault\u00a0\u00bb type=\u00a0\u00bb4_4&Prime; theme_builder_area=\u00a0\u00bbpost_content\u00a0\u00bb][et_pb_video _builder_version=\u00a0\u00bb4.27.4&Prime; _module_preset=\u00a0\u00bbdefault\u00a0\u00bb theme_builder_area=\u00a0\u00bbpost_content\u00a0\u00bb src=\u00a0\u00bbhttps:\/\/youtu.be\/fLnnoOEyfRo?si=SGAfO7qAtCALeX-a\u00a0\u00bb border_width_all=\u00a0\u00bb3px\u00a0\u00bb hover_enabled=\u00a0\u00bb0&Prime; sticky_enabled=\u00a0\u00bb0&Prime;][\/et_pb_video][\/et_pb_column][\/et_pb_row][\/et_pb_section]\n","protected":false},"excerpt":{"rendered":"<p>Praktische Anleitung: Wie Sie Ihre Duschwanne richtig messen Bei der Auswahl und Bestellung einer Duschwanne geht es nicht nur um die in Ihrem Plan angegebene Gr\u00f6\u00dfe. Es ist wichtig, die Verlegung im Voraus zu planen und zu verstehen, warum die Ma\u00dfe an den verf\u00fcgbaren Platz angepasst werden m\u00fcssen.1. Messen Sie den Raum richtigMessen Sie vor [&hellip;]<\/p>\n","protected":false},"author":1,"featured_media":0,"comment_status":"open","ping_status":"open","sticky":false,"template":"","format":"standard","meta":{"_et_pb_use_builder":"on","_et_pb_old_content":"","_et_gb_content_width":"","footnotes":""},"categories":[5,11,4,8],"tags":[],"class_list":["post-137","post","type-post","status-publish","format-standard","hentry","category-duschwanne","category-einbau-und-installation","category-einrichtung","category-praktische-tipps"],"yoast_head":"<!-- This site is optimized with the Yoast SEO plugin v26.2 - https:\/\/yoast.com\/wordpress\/plugins\/seo\/ -->\n<title>So messen Sie Ihre Duschwanne richtig - duschwannen-und-badezimmer<\/title>\n<meta name=\"description\" content=\"Erfahren Sie, wie Sie die richtigen Ma\u00dfe f\u00fcr Ihre zuk\u00fcnftige Duschwanne vor dem Einbau nehmen und verkleben k\u00f6nnen.\" \/>\n<meta name=\"robots\" content=\"index, follow, max-snippet:-1, max-image-preview:large, max-video-preview:-1\" \/>\n<link rel=\"canonical\" href=\"https:\/\/blog.duschwannen-und-badezimmer.com\/index.php\/2025\/10\/24\/so-messen-sie-ihre-duschwanne-richtig\/\" \/>\n<meta property=\"og:locale\" content=\"fr_FR\" \/>\n<meta property=\"og:type\" content=\"article\" \/>\n<meta property=\"og:title\" content=\"So messen Sie Ihre Duschwanne richtig - duschwannen-und-badezimmer\" \/>\n<meta property=\"og:description\" content=\"Erfahren Sie, wie Sie die richtigen Ma\u00dfe f\u00fcr Ihre zuk\u00fcnftige Duschwanne vor dem Einbau nehmen und verkleben k\u00f6nnen.\" \/>\n<meta property=\"og:url\" content=\"https:\/\/blog.duschwannen-und-badezimmer.com\/index.php\/2025\/10\/24\/so-messen-sie-ihre-duschwanne-richtig\/\" \/>\n<meta property=\"og:site_name\" content=\"duschwannen-und-badezimmer\" \/>\n<meta property=\"article:published_time\" content=\"2025-10-24T10:25:56+00:00\" \/>\n<meta property=\"article:modified_time\" content=\"2025-10-24T10:27:57+00:00\" \/>\n<meta name=\"author\" content=\"admin\" \/>\n<meta name=\"twitter:card\" content=\"summary_large_image\" \/>\n<meta name=\"twitter:label1\" content=\"\u00c9crit par\" \/>\n\t<meta name=\"twitter:data1\" content=\"admin\" \/>\n\t<meta name=\"twitter:label2\" content=\"Dur\u00e9e de lecture estim\u00e9e\" \/>\n\t<meta name=\"twitter:data2\" content=\"3 minutes\" \/>\n<script type=\"application\/ld+json\" class=\"yoast-schema-graph\">{\"@context\":\"https:\/\/schema.org\",\"@graph\":[{\"@type\":\"Article\",\"@id\":\"https:\/\/blog.duschwannen-und-badezimmer.com\/index.php\/2025\/10\/24\/so-messen-sie-ihre-duschwanne-richtig\/#article\",\"isPartOf\":{\"@id\":\"https:\/\/blog.duschwannen-und-badezimmer.com\/index.php\/2025\/10\/24\/so-messen-sie-ihre-duschwanne-richtig\/\"},\"author\":{\"name\":\"admin\",\"@id\":\"https:\/\/blog.duschwannen-und-badezimmer.com\/#\/schema\/person\/eb19696aeff75d6674c2d709af4b7f6e\"},\"headline\":\"So messen Sie Ihre Duschwanne richtig\",\"datePublished\":\"2025-10-24T10:25:56+00:00\",\"dateModified\":\"2025-10-24T10:27:57+00:00\",\"mainEntityOfPage\":{\"@id\":\"https:\/\/blog.duschwannen-und-badezimmer.com\/index.php\/2025\/10\/24\/so-messen-sie-ihre-duschwanne-richtig\/\"},\"wordCount\":2447,\"commentCount\":0,\"publisher\":{\"@id\":\"https:\/\/blog.duschwannen-und-badezimmer.com\/#organization\"},\"articleSection\":[\"Duschwanne\",\"Einbau und Installation\",\"Einrichtung\",\"Praktische Tipps\"],\"inLanguage\":\"fr-FR\",\"potentialAction\":[{\"@type\":\"CommentAction\",\"name\":\"Comment\",\"target\":[\"https:\/\/blog.duschwannen-und-badezimmer.com\/index.php\/2025\/10\/24\/so-messen-sie-ihre-duschwanne-richtig\/#respond\"]}]},{\"@type\":\"WebPage\",\"@id\":\"https:\/\/blog.duschwannen-und-badezimmer.com\/index.php\/2025\/10\/24\/so-messen-sie-ihre-duschwanne-richtig\/\",\"url\":\"https:\/\/blog.duschwannen-und-badezimmer.com\/index.php\/2025\/10\/24\/so-messen-sie-ihre-duschwanne-richtig\/\",\"name\":\"So messen Sie Ihre Duschwanne richtig - duschwannen-und-badezimmer\",\"isPartOf\":{\"@id\":\"https:\/\/blog.duschwannen-und-badezimmer.com\/#website\"},\"datePublished\":\"2025-10-24T10:25:56+00:00\",\"dateModified\":\"2025-10-24T10:27:57+00:00\",\"description\":\"Erfahren Sie, wie Sie die richtigen Ma\u00dfe f\u00fcr Ihre zuk\u00fcnftige Duschwanne vor dem Einbau nehmen und verkleben k\u00f6nnen.\",\"breadcrumb\":{\"@id\":\"https:\/\/blog.duschwannen-und-badezimmer.com\/index.php\/2025\/10\/24\/so-messen-sie-ihre-duschwanne-richtig\/#breadcrumb\"},\"inLanguage\":\"fr-FR\",\"potentialAction\":[{\"@type\":\"ReadAction\",\"target\":[\"https:\/\/blog.duschwannen-und-badezimmer.com\/index.php\/2025\/10\/24\/so-messen-sie-ihre-duschwanne-richtig\/\"]}]},{\"@type\":\"BreadcrumbList\",\"@id\":\"https:\/\/blog.duschwannen-und-badezimmer.com\/index.php\/2025\/10\/24\/so-messen-sie-ihre-duschwanne-richtig\/#breadcrumb\",\"itemListElement\":[{\"@type\":\"ListItem\",\"position\":1,\"name\":\"Accueil\",\"item\":\"https:\/\/blog.duschwannen-und-badezimmer.com\/\"},{\"@type\":\"ListItem\",\"position\":2,\"name\":\"So messen Sie Ihre Duschwanne richtig\"}]},{\"@type\":\"WebSite\",\"@id\":\"https:\/\/blog.duschwannen-und-badezimmer.com\/#website\",\"url\":\"https:\/\/blog.duschwannen-und-badezimmer.com\/\",\"name\":\"duschwannen-und-badezimmer\",\"description\":\"\",\"publisher\":{\"@id\":\"https:\/\/blog.duschwannen-und-badezimmer.com\/#organization\"},\"potentialAction\":[{\"@type\":\"SearchAction\",\"target\":{\"@type\":\"EntryPoint\",\"urlTemplate\":\"https:\/\/blog.duschwannen-und-badezimmer.com\/?s={search_term_string}\"},\"query-input\":{\"@type\":\"PropertyValueSpecification\",\"valueRequired\":true,\"valueName\":\"search_term_string\"}}],\"inLanguage\":\"fr-FR\"},{\"@type\":\"Organization\",\"@id\":\"https:\/\/blog.duschwannen-und-badezimmer.com\/#organization\",\"name\":\"duschwannen-und-badezimmer\",\"url\":\"https:\/\/blog.duschwannen-und-badezimmer.com\/\",\"logo\":{\"@type\":\"ImageObject\",\"inLanguage\":\"fr-FR\",\"@id\":\"https:\/\/blog.duschwannen-und-badezimmer.com\/#\/schema\/logo\/image\/\",\"url\":\"https:\/\/blog.duschwannen-und-badezimmer.com\/wp-content\/uploads\/2025\/10\/Capture-decran-2025-10-09-a-11.37.55.png\",\"contentUrl\":\"https:\/\/blog.duschwannen-und-badezimmer.com\/wp-content\/uploads\/2025\/10\/Capture-decran-2025-10-09-a-11.37.55.png\",\"width\":450,\"height\":431,\"caption\":\"duschwannen-und-badezimmer\"},\"image\":{\"@id\":\"https:\/\/blog.duschwannen-und-badezimmer.com\/#\/schema\/logo\/image\/\"}},{\"@type\":\"Person\",\"@id\":\"https:\/\/blog.duschwannen-und-badezimmer.com\/#\/schema\/person\/eb19696aeff75d6674c2d709af4b7f6e\",\"name\":\"admin\",\"image\":{\"@type\":\"ImageObject\",\"inLanguage\":\"fr-FR\",\"@id\":\"https:\/\/blog.duschwannen-und-badezimmer.com\/#\/schema\/person\/image\/\",\"url\":\"https:\/\/secure.gravatar.com\/avatar\/6616e0439338e10eadb751e7c4187a1c15cbe783a45f05cc4fc546f879526173?s=96&d=mm&r=g\",\"contentUrl\":\"https:\/\/secure.gravatar.com\/avatar\/6616e0439338e10eadb751e7c4187a1c15cbe783a45f05cc4fc546f879526173?s=96&d=mm&r=g\",\"caption\":\"admin\"},\"sameAs\":[\"https:\/\/blog.duschwannen-und-badezimmer.com\"],\"url\":\"https:\/\/blog.duschwannen-und-badezimmer.com\/index.php\/author\/camilleadmincsdb\/\"}]}<\/script>\n<!-- \/ Yoast SEO plugin. -->","yoast_head_json":{"title":"So messen Sie Ihre Duschwanne richtig - duschwannen-und-badezimmer","description":"Erfahren Sie, wie Sie die richtigen Ma\u00dfe f\u00fcr Ihre zuk\u00fcnftige Duschwanne vor dem Einbau nehmen und verkleben k\u00f6nnen.","robots":{"index":"index","follow":"follow","max-snippet":"max-snippet:-1","max-image-preview":"max-image-preview:large","max-video-preview":"max-video-preview:-1"},"canonical":"https:\/\/blog.duschwannen-und-badezimmer.com\/index.php\/2025\/10\/24\/so-messen-sie-ihre-duschwanne-richtig\/","og_locale":"fr_FR","og_type":"article","og_title":"So messen Sie Ihre Duschwanne richtig - duschwannen-und-badezimmer","og_description":"Erfahren Sie, wie Sie die richtigen Ma\u00dfe f\u00fcr Ihre zuk\u00fcnftige Duschwanne vor dem Einbau nehmen und verkleben k\u00f6nnen.","og_url":"https:\/\/blog.duschwannen-und-badezimmer.com\/index.php\/2025\/10\/24\/so-messen-sie-ihre-duschwanne-richtig\/","og_site_name":"duschwannen-und-badezimmer","article_published_time":"2025-10-24T10:25:56+00:00","article_modified_time":"2025-10-24T10:27:57+00:00","author":"admin","twitter_card":"summary_large_image","twitter_misc":{"\u00c9crit par":"admin","Dur\u00e9e de lecture estim\u00e9e":"3 minutes"},"schema":{"@context":"https:\/\/schema.org","@graph":[{"@type":"Article","@id":"https:\/\/blog.duschwannen-und-badezimmer.com\/index.php\/2025\/10\/24\/so-messen-sie-ihre-duschwanne-richtig\/#article","isPartOf":{"@id":"https:\/\/blog.duschwannen-und-badezimmer.com\/index.php\/2025\/10\/24\/so-messen-sie-ihre-duschwanne-richtig\/"},"author":{"name":"admin","@id":"https:\/\/blog.duschwannen-und-badezimmer.com\/#\/schema\/person\/eb19696aeff75d6674c2d709af4b7f6e"},"headline":"So messen Sie Ihre Duschwanne richtig","datePublished":"2025-10-24T10:25:56+00:00","dateModified":"2025-10-24T10:27:57+00:00","mainEntityOfPage":{"@id":"https:\/\/blog.duschwannen-und-badezimmer.com\/index.php\/2025\/10\/24\/so-messen-sie-ihre-duschwanne-richtig\/"},"wordCount":2447,"commentCount":0,"publisher":{"@id":"https:\/\/blog.duschwannen-und-badezimmer.com\/#organization"},"articleSection":["Duschwanne","Einbau und Installation","Einrichtung","Praktische Tipps"],"inLanguage":"fr-FR","potentialAction":[{"@type":"CommentAction","name":"Comment","target":["https:\/\/blog.duschwannen-und-badezimmer.com\/index.php\/2025\/10\/24\/so-messen-sie-ihre-duschwanne-richtig\/#respond"]}]},{"@type":"WebPage","@id":"https:\/\/blog.duschwannen-und-badezimmer.com\/index.php\/2025\/10\/24\/so-messen-sie-ihre-duschwanne-richtig\/","url":"https:\/\/blog.duschwannen-und-badezimmer.com\/index.php\/2025\/10\/24\/so-messen-sie-ihre-duschwanne-richtig\/","name":"So messen Sie Ihre Duschwanne richtig - duschwannen-und-badezimmer","isPartOf":{"@id":"https:\/\/blog.duschwannen-und-badezimmer.com\/#website"},"datePublished":"2025-10-24T10:25:56+00:00","dateModified":"2025-10-24T10:27:57+00:00","description":"Erfahren Sie, wie Sie die richtigen Ma\u00dfe f\u00fcr Ihre zuk\u00fcnftige Duschwanne vor dem Einbau nehmen und verkleben k\u00f6nnen.","breadcrumb":{"@id":"https:\/\/blog.duschwannen-und-badezimmer.com\/index.php\/2025\/10\/24\/so-messen-sie-ihre-duschwanne-richtig\/#breadcrumb"},"inLanguage":"fr-FR","potentialAction":[{"@type":"ReadAction","target":["https:\/\/blog.duschwannen-und-badezimmer.com\/index.php\/2025\/10\/24\/so-messen-sie-ihre-duschwanne-richtig\/"]}]},{"@type":"BreadcrumbList","@id":"https:\/\/blog.duschwannen-und-badezimmer.com\/index.php\/2025\/10\/24\/so-messen-sie-ihre-duschwanne-richtig\/#breadcrumb","itemListElement":[{"@type":"ListItem","position":1,"name":"Accueil","item":"https:\/\/blog.duschwannen-und-badezimmer.com\/"},{"@type":"ListItem","position":2,"name":"So messen Sie Ihre Duschwanne richtig"}]},{"@type":"WebSite","@id":"https:\/\/blog.duschwannen-und-badezimmer.com\/#website","url":"https:\/\/blog.duschwannen-und-badezimmer.com\/","name":"duschwannen-und-badezimmer","description":"","publisher":{"@id":"https:\/\/blog.duschwannen-und-badezimmer.com\/#organization"},"potentialAction":[{"@type":"SearchAction","target":{"@type":"EntryPoint","urlTemplate":"https:\/\/blog.duschwannen-und-badezimmer.com\/?s={search_term_string}"},"query-input":{"@type":"PropertyValueSpecification","valueRequired":true,"valueName":"search_term_string"}}],"inLanguage":"fr-FR"},{"@type":"Organization","@id":"https:\/\/blog.duschwannen-und-badezimmer.com\/#organization","name":"duschwannen-und-badezimmer","url":"https:\/\/blog.duschwannen-und-badezimmer.com\/","logo":{"@type":"ImageObject","inLanguage":"fr-FR","@id":"https:\/\/blog.duschwannen-und-badezimmer.com\/#\/schema\/logo\/image\/","url":"https:\/\/blog.duschwannen-und-badezimmer.com\/wp-content\/uploads\/2025\/10\/Capture-decran-2025-10-09-a-11.37.55.png","contentUrl":"https:\/\/blog.duschwannen-und-badezimmer.com\/wp-content\/uploads\/2025\/10\/Capture-decran-2025-10-09-a-11.37.55.png","width":450,"height":431,"caption":"duschwannen-und-badezimmer"},"image":{"@id":"https:\/\/blog.duschwannen-und-badezimmer.com\/#\/schema\/logo\/image\/"}},{"@type":"Person","@id":"https:\/\/blog.duschwannen-und-badezimmer.com\/#\/schema\/person\/eb19696aeff75d6674c2d709af4b7f6e","name":"admin","image":{"@type":"ImageObject","inLanguage":"fr-FR","@id":"https:\/\/blog.duschwannen-und-badezimmer.com\/#\/schema\/person\/image\/","url":"https:\/\/secure.gravatar.com\/avatar\/6616e0439338e10eadb751e7c4187a1c15cbe783a45f05cc4fc546f879526173?s=96&d=mm&r=g","contentUrl":"https:\/\/secure.gravatar.com\/avatar\/6616e0439338e10eadb751e7c4187a1c15cbe783a45f05cc4fc546f879526173?s=96&d=mm&r=g","caption":"admin"},"sameAs":["https:\/\/blog.duschwannen-und-badezimmer.com"],"url":"https:\/\/blog.duschwannen-und-badezimmer.com\/index.php\/author\/camilleadmincsdb\/"}]}},"_links":{"self":[{"href":"https:\/\/blog.duschwannen-und-badezimmer.com\/index.php\/wp-json\/wp\/v2\/posts\/137","targetHints":{"allow":["GET"]}}],"collection":[{"href":"https:\/\/blog.duschwannen-und-badezimmer.com\/index.php\/wp-json\/wp\/v2\/posts"}],"about":[{"href":"https:\/\/blog.duschwannen-und-badezimmer.com\/index.php\/wp-json\/wp\/v2\/types\/post"}],"author":[{"embeddable":true,"href":"https:\/\/blog.duschwannen-und-badezimmer.com\/index.php\/wp-json\/wp\/v2\/users\/1"}],"replies":[{"embeddable":true,"href":"https:\/\/blog.duschwannen-und-badezimmer.com\/index.php\/wp-json\/wp\/v2\/comments?post=137"}],"version-history":[{"count":4,"href":"https:\/\/blog.duschwannen-und-badezimmer.com\/index.php\/wp-json\/wp\/v2\/posts\/137\/revisions"}],"predecessor-version":[{"id":152,"href":"https:\/\/blog.duschwannen-und-badezimmer.com\/index.php\/wp-json\/wp\/v2\/posts\/137\/revisions\/152"}],"wp:attachment":[{"href":"https:\/\/blog.duschwannen-und-badezimmer.com\/index.php\/wp-json\/wp\/v2\/media?parent=137"}],"wp:term":[{"taxonomy":"category","embeddable":true,"href":"https:\/\/blog.duschwannen-und-badezimmer.com\/index.php\/wp-json\/wp\/v2\/categories?post=137"},{"taxonomy":"post_tag","embeddable":true,"href":"https:\/\/blog.duschwannen-und-badezimmer.com\/index.php\/wp-json\/wp\/v2\/tags?post=137"}],"curies":[{"name":"wp","href":"https:\/\/api.w.org\/{rel}","templated":true}]}}